{"id":1824,"date":"2025-11-14T08:00:34","date_gmt":"2025-11-14T07:00:34","guid":{"rendered":"https:\/\/joanacoach.com\/?p=1824"},"modified":"2025-09-26T15:02:10","modified_gmt":"2025-09-26T13:02:10","slug":"rompre-avec-ton-travail-comment-gerer-une-rupture-professionnelle-en-conscience","status":"publish","type":"post","link":"https:\/\/joanacoach.com\/fr\/rompre-avec-ton-travail-comment-gerer-une-rupture-professionnelle-en-conscience\/","title":{"rendered":"Rompre avec ton travail : comment g\u00e9rer une rupture professionnelle en conscience"},"content":{"rendered":"<p>Quand une relation professionnelle ne fonctionne plus, les \u00e9motions peuvent \u00eatre aussi fortes que lors d\u2019une rupture sentimentale. Pourtant, on a souvent tendance \u00e0 \u00e9viter l\u2019\u00e9vidence jusqu\u2019\u00e0 ce qu\u2019il soit trop tard.<\/p>\n<p>Aujourd\u2019hui, on va te parler de la mani\u00e8re de vivre une <strong>rupture professionnelle<\/strong> de fa\u00e7on consciente, saine et constructive.<br \/>\nCar oui, un <strong>\u00ab\u00a0break-up\u00a0\u00bb au travail<\/strong> peut \u00eatre une vraie opportunit\u00e9 de te retrouver et de redonner du sens \u00e0 ta trajectoire.<\/p>\n<p>&nbsp;<\/p>\n<p><strong>Pourquoi est-ce si difficile de quitter un emploi ?<\/strong><\/p>\n<p>M\u00eame quand tu sais que quelque chose ne va pas, que tu n\u2019\u00e9volues plus ou que tu es \u00e9puis\u00e9, prendre la d\u00e9cision de partir peut g\u00e9n\u00e9rer de la <strong>culpabilit\u00e9<\/strong>, de la <strong>peur<\/strong> et beaucoup d\u2019<strong>incertitude<\/strong>.<\/p>\n<p>Voici quelques blocages fr\u00e9quents :<br \/>\n\u2022 \u201cMes conditions ne sont pas si mauvaises\u201d<br \/>\n\u2022 \u201cEt si c\u2019\u00e9tait pire ailleurs\u2026\u201d<br \/>\n\u2022 \u201cJe ne veux pas \u00eatre celui\/celle qui casse\u201d<br \/>\n\u2022 \u201cEt si je regrettais ?\u201d<\/p>\n<p>Mais comme dans une relation amoureuse, rester par habitude n\u2019est pas la meilleure solution pour ton bien-\u00eatre.<\/p>\n<p>&nbsp;<\/p>\n<p><strong>Comment savoir si c\u2019est le bon moment pour rompre ?<\/strong><\/p>\n<p>Voici quelques <strong>signaux d\u2019alerte<\/strong> qui peuvent indiquer qu\u2019un cycle professionnel touche \u00e0 sa fin :<br \/>\n\u2022 Tu vas au travail avec anxi\u00e9t\u00e9 ou sans aucune motivation<br \/>\n\u2022 Tu ne te sens plus connect\u00e9 \u00e0 ton poste ou \u00e0 ton \u00e9quipe<br \/>\n\u2022 Tes valeurs ont \u00e9volu\u00e9, mais pas celles de l\u2019entreprise<br \/>\n\u2022 Tu te sens en mode survie, pas en croissance<br \/>\n\u2022 Tu n\u2019apprends plus rien, tu n\u2019\u00e9volues plus<\/p>\n<p>Si tu te reconnais dans plusieurs de ces points, il est peut-\u00eatre temps de r\u00e9fl\u00e9chir \u00e0 un changement.<\/p>\n<p>&nbsp;<\/p>\n<p><strong>Les \u00e9tapes d\u2019une rupture professionnelle (oui, il y a aussi un deuil)<\/strong><\/p>\n<p>Comme dans une rupture amoureuse, quitter un travail implique souvent un <strong>processus \u00e9motionnel en plusieurs phases<\/strong> :<\/p>\n<ol>\n<li><strong>D\u00e9ni<\/strong> : \u201cCe n\u2019est pas si grave\u201d, \u201cTout le monde a des p\u00e9riodes compliqu\u00e9es\u201d<\/li>\n<li><strong>Col\u00e8re<\/strong> : Tu ressens de l\u2019injustice, de la frustration accumul\u00e9e<\/li>\n<li><strong>N\u00e9gociation<\/strong> : Tu te convaincs que tu peux tenir encore un peu<\/li>\n<li><strong>Tristesse<\/strong> : Tu r\u00e9alises ce que tu perds (habitudes, coll\u00e8gues, s\u00e9curit\u00e9)<\/li>\n<li><strong>Acceptation<\/strong> : Tu commences \u00e0 entrevoir un futur diff\u00e9rent, plus align\u00e9<\/li>\n<\/ol>\n<p>Comprendre que ce processus est <strong>normal<\/strong> t\u2019aidera \u00e0 l\u2019accueillir avec plus de s\u00e9r\u00e9nit\u00e9.<\/p>\n<p>&nbsp;<\/p>\n<p><strong>Pr\u00e9parer une rupture professionnelle saine et constructive<\/strong><\/p>\n<p>Si tu choisis de partir, fais-le avec respect pour toi-m\u00eame et pour les autres. Voici quelques conseils pour bien vivre cette transition :<br \/>\n\u2022 <strong>Fais le point<\/strong> : Qu\u2019est-ce que ce poste t\u2019a apport\u00e9 ? Qu\u2019as-tu appris ?<br \/>\n\u2022 <strong>Pr\u00e9pare ta communication<\/strong> : Sois clair\u00b7e et respectueux\u00b7se dans ton message<br \/>\n\u2022 <strong>Ne claque pas la porte<\/strong> : Des relations professionnelles saines peuvent t\u2019aider \u00e0 l\u2019avenir<br \/>\n\u2022 <strong>Organise ton d\u00e9part<\/strong> : Documente ton travail, dis au revoir consciemment<br \/>\n\u2022 <strong>Pr\u00e9pare-toi \u00e9motionnellement<\/strong> : Demande du soutien si besoin et prends soin de toi<\/p>\n<p>&nbsp;<\/p>\n<p><strong>Une nouvelle page \u00e0 \u00e9crire<\/strong><\/p>\n<p>Rompre avec un travail, ce n\u2019est pas \u00e9chouer. C\u2019est <strong>honorer un engagement envers toi-m\u00eame<\/strong>.<br \/>\nBien v\u00e9cu, ce moment peut ouvrir des <strong>perspectives nouvelles<\/strong>, m\u00eame si tu ne les vois pas encore.<\/p>\n<p>La mani\u00e8re dont tu cl\u00f4tures une \u00e9tape influence la fa\u00e7on dont tu entres dans la suivante.<\/p>\n<p>Alors autorise-toi \u00e0 fermer cette porte avec <strong>gratitude<\/strong>, \u00e0 prendre soin de toi et \u00e0 avancer vers une version plus align\u00e9e de ta vie professionnelle.<\/p>\n<p><strong>Conclusion : se s\u00e9parer, c\u2019est aussi grandir<\/strong><\/p>\n<p>Une rupture professionnelle bien v\u00e9cue peut \u00eatre le d\u00e9but d\u2019un chapitre plus proche de tes <strong>valeurs<\/strong>, de tes <strong>aspirations<\/strong> et de ton <strong>\u00e9panouissement<\/strong>.<\/p>\n<p>Et toi, as-tu d\u00e9j\u00e0 d\u00fb rompre avec un travail ?<br \/>\nEst-ce que cela t\u2019a permis de grandir ou d\u2019explorer une nouvelle voie ?<br \/>\nPartage ton exp\u00e9rience en commentaire, ou transmets cet article \u00e0 quelqu\u2019un qui en aurait besoin aujourd\u2019hui.<\/p>\n<p>Tu veux recevoir plus de contenus pour t\u2019aider \u00e0 prendre des d\u00e9cisions professionnelles en conscience ?<br \/>\n<strong>Abonne-toi au blog ou suis-nous sur les r\u00e9seaux pour ne rien manquer.<\/strong><\/p>\n","protected":false},"excerpt":{"rendered":"<p>Quand une relation professionnelle ne fonctionne plus, les \u00e9motions peuvent \u00eatre aussi fortes que lors d\u2019une rupture sentimentale. Pourtant, on a souvent tendance \u00e0 \u00e9viter l\u2019\u00e9vidence jusqu\u2019\u00e0 ce qu\u2019il soit trop tard. Aujourd\u2019hui, on va te parler de la mani\u00e8re de vivre une rupture professionnelle de fa\u00e7on consciente, saine et constructive. Car oui, un \u00ab\u00a0break-up\u00a0\u00bb [&#8230;]\n","protected":false},"author":1,"featured_media":1722,"comment_status":"closed","ping_status":"closed","sticky":false,"template":"","format":"standard","meta":{"footnotes":""},"categories":[23],"tags":[],"class_list":["post-1824","post","type-post","status-publish","format-standard","has-post-thumbnail","hentry","category-articles-2"],"_links":{"self":[{"href":"https:\/\/joanacoach.com\/fr\/wp-json\/wp\/v2\/posts\/1824","targetHints":{"allow":["GET"]}}],"collection":[{"href":"https:\/\/joanacoach.com\/fr\/wp-json\/wp\/v2\/posts"}],"about":[{"href":"https:\/\/joanacoach.com\/fr\/wp-json\/wp\/v2\/types\/post"}],"author":[{"embeddable":true,"href":"https:\/\/joanacoach.com\/fr\/wp-json\/wp\/v2\/users\/1"}],"replies":[{"embeddable":true,"href":"https:\/\/joanacoach.com\/fr\/wp-json\/wp\/v2\/comments?post=1824"}],"version-history":[{"count":1,"href":"https:\/\/joanacoach.com\/fr\/wp-json\/wp\/v2\/posts\/1824\/revisions"}],"predecessor-version":[{"id":1825,"href":"https:\/\/joanacoach.com\/fr\/wp-json\/wp\/v2\/posts\/1824\/revisions\/1825"}],"wp:featuredmedia":[{"embeddable":true,"href":"https:\/\/joanacoach.com\/fr\/wp-json\/wp\/v2\/media\/1722"}],"wp:attachment":[{"href":"https:\/\/joanacoach.com\/fr\/wp-json\/wp\/v2\/media?parent=1824"}],"wp:term":[{"taxonomy":"category","embeddable":true,"href":"https:\/\/joanacoach.com\/fr\/wp-json\/wp\/v2\/categories?post=1824"},{"taxonomy":"post_tag","embeddable":true,"href":"https:\/\/joanacoach.com\/fr\/wp-json\/wp\/v2\/tags?post=1824"}],"curies":[{"name":"wp","href":"https:\/\/api.w.org\/{rel}","templated":true}]}}